{"id":738,"date":"2011-01-21T13:50:22","date_gmt":"2011-01-21T12:50:22","guid":{"rendered":"http:\/\/vtt.webiik.cz\/?p=738"},"modified":"2011-01-21T13:50:22","modified_gmt":"2011-01-21T12:50:22","slug":"sraz-2011","status":"publish","type":"post","link":"http:\/\/vtt.webiik.cz\/?p=738","title":{"rendered":"Sraz 2011"},"content":{"rendered":"<p>Zdar veter\u00e1ni a veter\u00e1nky<\/p>\n<p>BOOS zji\u0161\u0165oval voln\u00e9 term\u00edny na chalup\u011b v Karle a situace nen\u00ed nijak pot\u011b\u0161uj\u00edc\u00ed.<br \/>\nVoln\u00e9 term\u00edny:<br \/>\n8. &#8211; 10. duben<br \/>\n22. &#8211; 24. duben &#8211; velikonoce<br \/>\n19. &#8211; 21. srpen<\/p>\n<p>Napi\u0161te kter\u00fd term\u00edn si mysl\u00edte, \u017ee bude nejvhodn\u011bj\u0161\u00ed. M\u016f\u017eete taky napsat dal\u0161\u00ed n\u00e1vrhy \u010di m\u00edsta, kde by se sraz mohl konat.<\/p>\n<p>Ferdiik<\/p>\n","protected":false},"excerpt":{"rendered":"<p>Zdar veter\u00e1ni a veter\u00e1nky BOOS zji\u0161\u0165oval voln\u00e9 term\u00edny na chalup\u011b v Karle a situace nen\u00ed nijak pot\u011b\u0161uj\u00edc\u00ed. Voln\u00e9 term\u00edny: 8. &#8211; 10. duben 22. &#8211; 24. duben &#8211; velikonoce 19. &#8211; 21. srpen Napi\u0161te kter\u00fd term\u00edn si mysl\u00edte, \u017ee bude nejvhodn\u011bj\u0161\u00ed. M\u016f\u017eete taky napsat dal\u0161\u00ed n\u00e1vrhy \u010di m\u00edsta, kde by se sraz mohl konat. Ferdiik<\/p>\n","protected":false},"author":1,"featured_media":0,"comment_status":"open","ping_status":"open","sticky":false,"template":"","format":"standard","meta":{"ngg_post_thumbnail":0},"categories":[1],"tags":[],"_links":{"self":[{"href":"http:\/\/vtt.webiik.cz\/index.php?rest_route=\/wp\/v2\/posts\/738"}],"collection":[{"href":"http:\/\/vtt.webiik.cz\/index.php?rest_route=\/wp\/v2\/posts"}],"about":[{"href":"http:\/\/vtt.webiik.cz\/index.php?rest_route=\/wp\/v2\/types\/post"}],"author":[{"embeddable":true,"href":"http:\/\/vtt.webiik.cz\/index.php?rest_route=\/wp\/v2\/users\/1"}],"replies":[{"embeddable":true,"href":"http:\/\/vtt.webiik.cz\/index.php?rest_route=%2Fwp%2Fv2%2Fcomments&post=738"}],"version-history":[{"count":1,"href":"http:\/\/vtt.webiik.cz\/index.php?rest_route=\/wp\/v2\/posts\/738\/revisions"}],"predecessor-version":[{"id":739,"href":"http:\/\/vtt.webiik.cz\/index.php?rest_route=\/wp\/v2\/posts\/738\/revisions\/739"}],"wp:attachment":[{"href":"http:\/\/vtt.webiik.cz\/index.php?rest_route=%2Fwp%2Fv2%2Fmedia&parent=738"}],"wp:term":[{"taxonomy":"category","embeddable":true,"href":"http:\/\/vtt.webiik.cz\/index.php?rest_route=%2Fwp%2Fv2%2Fcategories&post=738"},{"taxonomy":"post_tag","embeddable":true,"href":"http:\/\/vtt.webiik.cz\/index.php?rest_route=%2Fwp%2Fv2%2Ftags&post=738"}],"curies":[{"name":"wp","href":"https:\/\/api.w.org\/{rel}","templated":true}]}}